{"id":1437,"date":"2016-03-11T00:00:00","date_gmt":"2016-03-10T23:00:00","guid":{"rendered":"http:\/\/dev22.carpisafoods.com\/alimentaria-2016\/"},"modified":"2023-03-24T12:25:45","modified_gmt":"2023-03-24T11:25:45","slug":"alimentaria-2016","status":"publish","type":"post","link":"https:\/\/www.carpisafoods.com\/fr\/noticias\/alimentaria-2016\/","title":{"rendered":"Alimentaria 2016"},"content":{"rendered":"<p>Del 25 al 28 de abril de 2016, Alimentaria volver\u00e1 a ser el centro de negocios internacional para todos los profesionales de la industria de la alimentaci\u00f3n, bebidas y gastronom\u00eda. Carpisa no pod\u00eda faltar a una cita obligada con la innovaci\u00f3n, las \u00faltimas tendencias y la internacionalizaci\u00f3n del sector. Estaremos en el Pabell\u00f3n 5, Stand D-448. Para m\u00e1s informaci\u00f3n, entra en <a title=\"Alimentaria 2016\" href=\"http:\/\/www.alimentaria-bcn.com\/alimentaria-2016\" target=\"_blank\" rel=\"noopener\">Alimentaria 2016<\/a>.<\/p>\n","protected":false},"excerpt":{"rendered":"<p>Del 25 al 28 de abril de 2016, Alimentaria volver\u00e1 a ser el centro de negocios internacional para todos los profesionales de la industria de la alimentaci\u00f3n, bebidas y gastronom\u00eda. Carpisa no pod\u00eda faltar a una cita obligada con la innovaci\u00f3n, las \u00faltimas tendencias y&#8230;<\/p>\n","protected":false},"author":1,"featured_media":1438,"comment_status":"closed","ping_status":"closed","sticky":false,"template":"","format":"standard","meta":{"_acf_changed":false,"footnotes":""},"categories":[1],"tags":[],"class_list":{"0":"post-1437","1":"post","2":"type-post","3":"status-publish","4":"format-standard","5":"has-post-thumbnail","7":"category-noticias"},"acf":[],"cp_meta_data":{"_thumbnail_id":["1438"],"_product_image_gallery":[""],"documento":["NULL"],"_documento":["field_641d6ec1f115d"],"resumen":["Del 25 al 28 de abril de 2016, Alimentaria volver\u00e1 a ser el centro de negocios internacional para todos los profesionales de la industria de la alimentaci\u00f3n, bebidas y gastronom\u00eda. Carpisa no pod\u00eda faltar a una cita obligada con la innovaci\u00f3n, las \u00faltimas tendencias y la internacionalizaci\u00f3n del sector. Estaremos en el Pabell\u00f3n 5, Stand D-448.<br>"],"_resumen":["field_641d7fcfeffb2"],"_edit_last":["1"],"nectar_blog_post_view_count":["6136"],"rank_math_internal_links_processed":["1"],"_cmplz_scanned_post":["1"],"_wpml_media_has_media":["1"],"_nectar_love":["0"],"copied_media_ids":["a:0:{}"],"referenced_media_ids":["a:1:{i:0;i:1438;}"]},"_links":{"self":[{"href":"https:\/\/www.carpisafoods.com\/fr\/wp-json\/wp\/v2\/posts\/1437","targetHints":{"allow":["GET"]}}],"collection":[{"href":"https:\/\/www.carpisafoods.com\/fr\/wp-json\/wp\/v2\/posts"}],"about":[{"href":"https:\/\/www.carpisafoods.com\/fr\/wp-json\/wp\/v2\/types\/post"}],"author":[{"embeddable":true,"href":"https:\/\/www.carpisafoods.com\/fr\/wp-json\/wp\/v2\/users\/1"}],"replies":[{"embeddable":true,"href":"https:\/\/www.carpisafoods.com\/fr\/wp-json\/wp\/v2\/comments?post=1437"}],"version-history":[{"count":1,"href":"https:\/\/www.carpisafoods.com\/fr\/wp-json\/wp\/v2\/posts\/1437\/revisions"}],"predecessor-version":[{"id":1485,"href":"https:\/\/www.carpisafoods.com\/fr\/wp-json\/wp\/v2\/posts\/1437\/revisions\/1485"}],"wp:featuredmedia":[{"embeddable":true,"href":"https:\/\/www.carpisafoods.com\/fr\/wp-json\/wp\/v2\/media\/1438"}],"wp:attachment":[{"href":"https:\/\/www.carpisafoods.com\/fr\/wp-json\/wp\/v2\/media?parent=1437"}],"wp:term":[{"taxonomy":"category","embeddable":true,"href":"https:\/\/www.carpisafoods.com\/fr\/wp-json\/wp\/v2\/categories?post=1437"},{"taxonomy":"post_tag","embeddable":true,"href":"https:\/\/www.carpisafoods.com\/fr\/wp-json\/wp\/v2\/tags?post=1437"}],"curies":[{"name":"wp","href":"https:\/\/api.w.org\/{rel}","templated":true}]}}